{"id":442,"date":"2024-05-03T16:09:15","date_gmt":"2024-05-03T19:09:15","guid":{"rendered":"https:\/\/blog.e-contab.com.br\/?p=442"},"modified":"2024-05-03T16:16:26","modified_gmt":"2024-05-03T19:16:26","slug":"o-que-e-esocial","status":"publish","type":"post","link":"https:\/\/blog.e-contab.com.br\/index.php\/2024\/05\/03\/o-que-e-esocial\/","title":{"rendered":"O que \u00e9 eSocial?"},"content":{"rendered":"\n<p class=\"has-text-align-left\">O\u00a0eSocial \u00e9 um sistema do governo brasileiro que unifica a presta\u00e7\u00e3o de informa\u00e7\u00f5es trabalhistas, previdenci\u00e1rias e fiscais das empresas. Ele foi criado com o objetivo de simplificar e unificar as obriga\u00e7\u00f5es acess\u00f3rias relativas aos trabalhadores, como a folha de pagamento, contribui\u00e7\u00f5es previdenci\u00e1rias, informa\u00e7\u00f5es sobre FGTS, entre outras.<\/p>\n\n\n\n<p class=\"has-text-align-left\">O eSocial surgiu com a proposta de facilitar a vida das empresas ao concentrar em um \u00fanico sistema diversas obriga\u00e7\u00f5es que antes eram realizadas separadamente, em diferentes \u00f3rg\u00e3os do governo. Com ele, espera-se reduzir a burocracia, evitar erros nas informa\u00e7\u00f5es prestadas e aumentar o controle por parte do governo sobre as obriga\u00e7\u00f5es trabalhistas.<\/p>\n\n\n\n<p class=\"has-text-align-left\">No entanto, desde sua implementa\u00e7\u00e3o, o eSocial tem enfrentado cr\u00edticas e desafios. Muitas empresas relatam dificuldades na adapta\u00e7\u00e3o aos novos processos e na transmiss\u00e3o das informa\u00e7\u00f5es exigidas pelo sistema. Al\u00e9m disso, houve mudan\u00e7as na legisla\u00e7\u00e3o e nos prazos de entrega das informa\u00e7\u00f5es, o que gerou ainda mais complexidade para os usu\u00e1rios do sistema.<\/p>\n\n\n\n<p class=\"has-text-align-left\">Apesar dos desafios, o eSocial continua sendo uma importante ferramenta para a moderniza\u00e7\u00e3o das rela\u00e7\u00f5es de trabalho e para o aumento da transpar\u00eancia e do controle por parte do governo. \u00c9 fundamental que as empresas estejam atentas \u00e0s suas obriga\u00e7\u00f5es e busquem se adequar \u00e0s exig\u00eancias do sistema para evitar problemas futuros.<\/p>\n","protected":false},"excerpt":{"rendered":"<p>O\u00a0e-Social \u00e9 um sistema do governo brasileiro que unifica a presta\u00e7\u00e3o de informa\u00e7\u00f5es trabalhistas, previdenci\u00e1rias e fiscais das empresas. Ele foi criado com o objetivo de simplificar e unificar as obriga\u00e7\u00f5es acess\u00f3rias relativas aos trabalhadores, como a folha de pagamento, contribui\u00e7\u00f5es previdenci\u00e1rias, informa\u00e7\u00f5es sobre FGTS, entre outras.<\/p>\n","protected":false},"author":3,"featured_media":447,"comment_status":"open","ping_status":"open","sticky":false,"template":"","format":"standard","meta":{"footnotes":""},"categories":[8],"tags":[3,5],"_links":{"self":[{"href":"https:\/\/blog.e-contab.com.br\/index.php\/wp-json\/wp\/v2\/posts\/442"}],"collection":[{"href":"https:\/\/blog.e-contab.com.br\/index.php\/wp-json\/wp\/v2\/posts"}],"about":[{"href":"https:\/\/blog.e-contab.com.br\/index.php\/wp-json\/wp\/v2\/types\/post"}],"author":[{"embeddable":true,"href":"https:\/\/blog.e-contab.com.br\/index.php\/wp-json\/wp\/v2\/users\/3"}],"replies":[{"embeddable":true,"href":"https:\/\/blog.e-contab.com.br\/index.php\/wp-json\/wp\/v2\/comments?post=442"}],"version-history":[{"count":1,"href":"https:\/\/blog.e-contab.com.br\/index.php\/wp-json\/wp\/v2\/posts\/442\/revisions"}],"predecessor-version":[{"id":444,"href":"https:\/\/blog.e-contab.com.br\/index.php\/wp-json\/wp\/v2\/posts\/442\/revisions\/444"}],"wp:featuredmedia":[{"embeddable":true,"href":"https:\/\/blog.e-contab.com.br\/index.php\/wp-json\/wp\/v2\/media\/447"}],"wp:attachment":[{"href":"https:\/\/blog.e-contab.com.br\/index.php\/wp-json\/wp\/v2\/media?parent=442"}],"wp:term":[{"taxonomy":"category","embeddable":true,"href":"https:\/\/blog.e-contab.com.br\/index.php\/wp-json\/wp\/v2\/categories?post=442"},{"taxonomy":"post_tag","embeddable":true,"href":"https:\/\/blog.e-contab.com.br\/index.php\/wp-json\/wp\/v2\/tags?post=442"}],"curies":[{"name":"wp","href":"https:\/\/api.w.org\/{rel}","templated":true}]}}