{"id":630,"date":"2025-03-25T09:25:54","date_gmt":"2025-03-25T12:25:54","guid":{"rendered":"https:\/\/blog.e-contab.com.br\/?p=630"},"modified":"2025-03-25T09:28:08","modified_gmt":"2025-03-25T12:28:08","slug":"imposto-de-renda-para-mei-em-2025-veja-quando-a-declaracao-como-pessoa-fisica-e-obrigatoria","status":"publish","type":"post","link":"https:\/\/blog.e-contab.com.br\/index.php\/2025\/03\/25\/imposto-de-renda-para-mei-em-2025-veja-quando-a-declaracao-como-pessoa-fisica-e-obrigatoria\/","title":{"rendered":"Imposto de Renda para MEI em 2025: veja quando a declara\u00e7\u00e3o como pessoa f\u00edsica \u00e9 obrigat\u00f3ria"},"content":{"rendered":"\n<p>Microempreendedores Individuais (MEIs) precisam estar atentos \u00e0s suas obriga\u00e7\u00f5es fiscais n\u00e3o apenas como empres\u00e1rios, mas tamb\u00e9m como pessoas f\u00edsicas. A entrega da Declara\u00e7\u00e3o de&nbsp;<a href=\"https:\/\/www.contabeis.com.br\/tributario\/imposto-de-renda\/\">Imposto de Renda<\/a>&nbsp;da Pessoa F\u00edsica (DIRPF) 2025 \u00e9 obrigat\u00f3ria para aqueles cujos rendimentos tribut\u00e1veis em 2024 ultrapassaram R$ 33.888. O prazo final para a submiss\u00e3o \u00e9 30 de maio de 2025 e atrasos podem resultar em multas e complica\u00e7\u00f5es com a Receita Federal.\u200b<\/p>\n\n\n\n<p>Assim, dependendo de quanto a pessoa f\u00edsica do&nbsp;<a href=\"https:\/\/www.contabeis.com.br\/tributario\/mei\/\">MEI<\/a>&nbsp;recebeu no ano-calend\u00e1rio passado, esse microempreendedor dever\u00e1 fazer o Imposto de Renda 2025 e n\u00e3o s\u00f3 a Declara\u00e7\u00e3o Anual do MEI.<\/p>\n\n\n\n<h2 class=\"wp-block-heading\"><strong>C\u00e1lculo dos rendimentos tribut\u00e1veis<\/strong><\/h2>\n\n\n\n<p>Para determinar a necessidade de declarar o&nbsp;<a href=\"https:\/\/www.contabeis.com.br\/tributario\/irpf\/\">IRPF,<\/a>&nbsp;o MEI deve calcular seus rendimentos tribut\u00e1veis. Uma parcela do faturamento \u00e9 isenta de impostos, variando conforme a atividade:\u200b<\/p>\n\n\n\n<ul>\n<li><strong>Com\u00e9rcio, ind\u00fastria e transporte de cargas<\/strong>: 8% do faturamento \u00e9 isento.\u200b<\/li>\n\n\n\n<li><strong>Transporte de passageiros<\/strong>: 16% do faturamento \u00e9 isento.\u200b<\/li>\n\n\n\n<li><strong>Presta\u00e7\u00e3o de servi\u00e7os<\/strong>: 32% do faturamento \u00e9 isento.<\/li>\n<\/ul>\n\n\n\n<p>Al\u00e9m disso, despesas operacionais podem ser deduzidas. Assim, a parcela tribut\u00e1vel corresponde ao lucro l\u00edquido (faturamento menos despesas) subtra\u00eddo do percentual isento.\u200b<\/p>\n\n\n\n<p><em>Exemplo pr\u00e1tico<\/em>: um MEI prestador de servi\u00e7os com faturamento bruto anual de R$ 72.000 em 2024 e despesas de R$ 15.000 teria:<\/p>\n\n\n\n<ul>\n<li><strong>Parcela isenta<\/strong>: 32% de R$ 72.000 = R$ 23.040.<\/li>\n\n\n\n<li><strong>Lucro l\u00edquido<\/strong>: R$ 72.000 &#8211; R$ 15.000 = R$ 57.000.\u200b<\/li>\n\n\n\n<li><strong>Rendimento tribut\u00e1vel<\/strong>: R$ 57.000 &#8211; R$ 23.040 = R$ 33.960.\u200b<\/li>\n<\/ul>\n\n\n\n<p>Como R$ 33.960 supera o limite de R$ 33.888, este MEI deve declarar o IRPF.<\/p>\n\n\n\n<h2 class=\"wp-block-heading\"><strong>Outras situa\u00e7\u00f5es que exigem declara\u00e7\u00e3o<\/strong><\/h2>\n\n\n\n<p>O MEI tamb\u00e9m est\u00e1 obrigado a declarar o IRPF se:\u200b<\/p>\n\n\n\n<ul>\n<li>Recebeu rendimentos isentos, tributados na fonte ou n\u00e3o tribut\u00e1veis acima de R$ 200.000 (como&nbsp;<a href=\"https:\/\/www.contabeis.com.br\/trabalhista\/fgts\/\">FGTS,<\/a>&nbsp;indeniza\u00e7\u00e3o trabalhista, pens\u00e3o aliment\u00edcia).\u200b<\/li>\n\n\n\n<li>Tornou-se residente no Brasil em qualquer per\u00edodo de 2024.\u200b<\/li>\n\n\n\n<li>Realizou opera\u00e7\u00f5es em bolsa de valores superiores a R$ 40.000.\u200b<\/li>\n\n\n\n<li>Possui bens ou direitos acima de R$ 800.000.\u200b<\/li>\n<\/ul>\n\n\n\n<h2 class=\"wp-block-heading\"><strong>Obriga\u00e7\u00f5es adicionais do MEI<\/strong><\/h2>\n\n\n\n<ul>\n<li><strong>Pagamento do DAS<\/strong>: mensalmente, o MEI deve quitar o Documento de Arrecada\u00e7\u00e3o do&nbsp;<a href=\"https:\/\/www.contabeis.com.br\/tributario\/simples-nacional\/\">Simples Nacional,<\/a>&nbsp;que engloba a contribui\u00e7\u00e3o previdenci\u00e1ria e impostos da empresa. O valor \u00e9 fixo: R$ 70,60 para a maioria dos MEIs (5% do sal\u00e1rio m\u00ednimo) e R$ 169,44 para MEIs caminhoneiros (12% do sal\u00e1rio m\u00ednimo). Atividades sujeitas ao&nbsp;<a href=\"https:\/\/www.contabeis.com.br\/tributario\/icms\/\">ICMS<\/a>&nbsp;adicionam R$ 1 ao DAS; aquelas sujeitas ao ISSQN acrescentam R$ 5.\u200b<\/li>\n\n\n\n<li><strong>Declara\u00e7\u00e3o Anual (DASN-SIMEI)<\/strong>: anualmente, at\u00e9 31 de maio, o MEI deve informar o faturamento do ano anterior atrav\u00e9s da Declara\u00e7\u00e3o Anual do Simples Nacional para o Microempreendedor Individual. Mesmo sem faturamento, a entrega \u00e9 obrigat\u00f3ria. O preenchimento antecipado facilita a identifica\u00e7\u00e3o de pend\u00eancias e contribui para um planejamento tribut\u00e1rio eficiente.\u200b<\/li>\n\n\n\n<li><strong>Emiss\u00e3o de Notas Fiscais<\/strong>: o MEI deve emitir&nbsp;<a href=\"https:\/\/www.contabeis.com.br\/tributario\/nota-fiscal\/\">nota fiscal<\/a>&nbsp;ao transacionar com pessoas jur\u00eddicas; para pessoas f\u00edsicas, a emiss\u00e3o \u00e9 opcional, salvo se solicitado pelo cliente. Desde setembro de 2023, a emiss\u00e3o de notas fiscais eletr\u00f4nicas \u00e9 realizada exclusivamente pelo sistema nacional. A partir de abril de 2025, ser\u00e1 obrigat\u00f3rio utilizar o c\u00f3digo de regime tribut\u00e1rio (CRT) 4 nas notas fiscais, identificando-as como emitidas por um MEI.\u200b<\/li>\n<\/ul>\n\n\n\n<h2 class=\"wp-block-heading\"><strong>Impacto das pend\u00eancias fiscais<\/strong><\/h2>\n\n\n\n<p>D\u00e9bitos relacionados ao Imposto de Renda podem afetar negativamente as opera\u00e7\u00f5es do MEI. Pend\u00eancias fiscais podem dificultar a obten\u00e7\u00e3o de certid\u00f5es negativas de d\u00e9bito, documentos essenciais para participa\u00e7\u00e3o em licita\u00e7\u00f5es p\u00fablicas e acesso a financiamentos.\u200b<\/p>\n\n\n\n<p>Manter-se atualizado e cumprir rigorosamente essas obriga\u00e7\u00f5es \u00e9 fundamental para a regularidade fiscal e o sucesso das atividades do Microempreendedor Individual.<br><br>Fonte: <a href=\"https:\/\/www.contabeis.com.br\/noticias\/70001\/irpf-2025-quando-o-mei-e-obrigado-a-declarar-como-pessoa-fisica\/\" data-type=\"link\" data-id=\"https:\/\/www.contabeis.com.br\/noticias\/70001\/irpf-2025-quando-o-mei-e-obrigado-a-declarar-como-pessoa-fisica\/\">Cont\u00e1beis<\/a><\/p>\n","protected":false},"excerpt":{"rendered":"<p>Microempreendedores Individuais (MEIs) precisam estar atentos \u00e0s suas obriga\u00e7\u00f5es fiscais n\u00e3o apenas como empres\u00e1rios, mas tamb\u00e9m como pessoas f\u00edsicas. A entrega da Declara\u00e7\u00e3o de&nbsp;Imposto de &hellip; <\/p>\n","protected":false},"author":7,"featured_media":631,"comment_status":"open","ping_status":"open","sticky":false,"template":"","format":"standard","meta":{"footnotes":""},"categories":[1],"tags":[],"_links":{"self":[{"href":"https:\/\/blog.e-contab.com.br\/index.php\/wp-json\/wp\/v2\/posts\/630"}],"collection":[{"href":"https:\/\/blog.e-contab.com.br\/index.php\/wp-json\/wp\/v2\/posts"}],"about":[{"href":"https:\/\/blog.e-contab.com.br\/index.php\/wp-json\/wp\/v2\/types\/post"}],"author":[{"embeddable":true,"href":"https:\/\/blog.e-contab.com.br\/index.php\/wp-json\/wp\/v2\/users\/7"}],"replies":[{"embeddable":true,"href":"https:\/\/blog.e-contab.com.br\/index.php\/wp-json\/wp\/v2\/comments?post=630"}],"version-history":[{"count":2,"href":"https:\/\/blog.e-contab.com.br\/index.php\/wp-json\/wp\/v2\/posts\/630\/revisions"}],"predecessor-version":[{"id":634,"href":"https:\/\/blog.e-contab.com.br\/index.php\/wp-json\/wp\/v2\/posts\/630\/revisions\/634"}],"wp:featuredmedia":[{"embeddable":true,"href":"https:\/\/blog.e-contab.com.br\/index.php\/wp-json\/wp\/v2\/media\/631"}],"wp:attachment":[{"href":"https:\/\/blog.e-contab.com.br\/index.php\/wp-json\/wp\/v2\/media?parent=630"}],"wp:term":[{"taxonomy":"category","embeddable":true,"href":"https:\/\/blog.e-contab.com.br\/index.php\/wp-json\/wp\/v2\/categories?post=630"},{"taxonomy":"post_tag","embeddable":true,"href":"https:\/\/blog.e-contab.com.br\/index.php\/wp-json\/wp\/v2\/tags?post=630"}],"curies":[{"name":"wp","href":"https:\/\/api.w.org\/{rel}","templated":true}]}}