{"id":881,"date":"2026-09-01T09:00:00","date_gmt":"2026-09-01T12:00:00","guid":{"rendered":"https:\/\/blog.e-contab.com.br\/?p=881"},"modified":"2026-08-27T15:50:33","modified_gmt":"2026-08-27T18:50:33","slug":"opcao-pelo-simples-nacional-para-2027-prazo-sera-em-setembro-de-2026","status":"publish","type":"post","link":"https:\/\/blog.e-contab.com.br\/index.php\/2026\/09\/01\/opcao-pelo-simples-nacional-para-2027-prazo-sera-em-setembro-de-2026\/","title":{"rendered":"Op\u00e7\u00e3o pelo Simples Nacional para 2027: prazo ser\u00e1 em setembro de 2026"},"content":{"rendered":"\n<p>As empresas que desejam ingressar ou retornar ao Simples Nacional em 2027 precisam ficar atentas a uma mudan\u00e7a importante no calend\u00e1rio. A solicita\u00e7\u00e3o dever\u00e1 ser realizada entre os dias <strong>1\u00ba e 30 de setembro de 2026<\/strong>, e n\u00e3o mais em janeiro, como acontecia anteriormente.<\/p>\n\n\n\n<p>A altera\u00e7\u00e3o faz parte da adapta\u00e7\u00e3o do regime \u00e0 Reforma Tribut\u00e1ria do Consumo e \u00e0s novas regras relacionadas ao Imposto sobre Bens e Servi\u00e7os (IBS) e \u00e0 Contribui\u00e7\u00e3o sobre Bens e Servi\u00e7os (CBS).<\/p>\n\n\n\n<p>Al\u00e9m do novo prazo para ingresso no Simples Nacional, setembro tamb\u00e9m ser\u00e1 o per\u00edodo para que as empresas optantes decidam se desejam recolher IBS e CBS pelo regime regular, fora do Documento de Arrecada\u00e7\u00e3o do Simples Nacional.<\/p>\n\n\n\n<p>Embora as duas op\u00e7\u00f5es aconte\u00e7am no mesmo per\u00edodo, elas possuem finalidades diferentes e n\u00e3o devem ser confundidas.<\/p>\n\n\n\n<h2 class=\"wp-block-heading\">O que mudou no prazo de op\u00e7\u00e3o pelo Simples Nacional?<\/h2>\n\n\n\n<p>At\u00e9 ent\u00e3o, as empresas em atividade podiam solicitar o ingresso no Simples Nacional durante o m\u00eas de janeiro, com efeitos retroativos ao primeiro dia do mesmo ano.<\/p>\n\n\n\n<p>Para 2027, o procedimento ser\u00e1 antecipado. A empresa que n\u00e3o for optante e quiser ingressar no regime dever\u00e1 apresentar sua solicita\u00e7\u00e3o entre <strong>1\u00ba e 30 de setembro de 2026<\/strong>.<\/p>\n\n\n\n<p>Quando aprovada, a op\u00e7\u00e3o produzir\u00e1 efeitos a partir de <strong>1\u00ba de janeiro de 2027<\/strong>.<\/p>\n\n\n\n<p>A mudan\u00e7a foi estabelecida pela Resolu\u00e7\u00e3o CGSN n\u00ba 186\/2026 e busca adaptar o calend\u00e1rio do Simples Nacional \u00e0 implanta\u00e7\u00e3o do IBS e da CBS.<\/p>\n\n\n\n<p>Com a antecipa\u00e7\u00e3o, as empresas poder\u00e3o iniciar 2027 sabendo previamente qual ser\u00e1 seu enquadramento tribut\u00e1rio. Por outro lado, a decis\u00e3o precisar\u00e1 ser tomada antes do encerramento do ano, o que aumenta a import\u00e2ncia das proje\u00e7\u00f5es de faturamento e do planejamento tribut\u00e1rio.<\/p>\n\n\n\n<h2 class=\"wp-block-heading\">Quem precisa solicitar a op\u00e7\u00e3o em setembro?<\/h2>\n\n\n\n<p>O novo prazo \u00e9 direcionado principalmente a dois grupos:<\/p>\n\n\n\n<ul>\n<li>Empresas que j\u00e1 est\u00e3o em atividade, mas n\u00e3o s\u00e3o optantes pelo Simples Nacional;<\/li>\n\n\n\n<li>Empresas que foram exclu\u00eddas do regime, inclusive quando a exclus\u00e3o tiver ocorrido em 2026 e produzir efeitos somente em 2027.<\/li>\n<\/ul>\n\n\n\n<p>Essas empresas dever\u00e3o acessar o Portal do Simples Nacional ou o e-CAC para formalizar o pedido.<\/p>\n\n\n\n<p>A solicita\u00e7\u00e3o n\u00e3o garante automaticamente o ingresso. Antes da confirma\u00e7\u00e3o, o sistema realiza uma an\u00e1lise para verificar a exist\u00eancia de pend\u00eancias que possam impedir a op\u00e7\u00e3o.<\/p>\n\n\n\n<h2 class=\"wp-block-heading\">Quem j\u00e1 est\u00e1 no Simples precisa fazer uma nova solicita\u00e7\u00e3o?<\/h2>\n\n\n\n<p>Em regra, n\u00e3o.<\/p>\n\n\n\n<p>A perman\u00eancia no Simples Nacional \u00e9 autom\u00e1tica para as empresas que j\u00e1 s\u00e3o optantes e n\u00e3o apresentam situa\u00e7\u00f5es que provoquem sua exclus\u00e3o. Portanto, quem estiver regularmente enquadrado n\u00e3o precisa realizar uma nova op\u00e7\u00e3o em setembro apenas para continuar no regime em 2027.<\/p>\n\n\n\n<p>Mesmo assim, \u00e9 recomend\u00e1vel consultar a situa\u00e7\u00e3o da empresa no Portal do Simples Nacional. Essa verifica\u00e7\u00e3o permite identificar eventual exclus\u00e3o relacionada a d\u00e9bitos ou outras irregularidades.<\/p>\n\n\n\n<p>Caso a empresa tenha sido exclu\u00edda, ainda que os efeitos comecem apenas em janeiro de 2027, ser\u00e1 poss\u00edvel apresentar uma nova solicita\u00e7\u00e3o durante setembro de 2026.<\/p>\n\n\n\n<p>Quem j\u00e1 estiver regularmente no Simples tamb\u00e9m dever\u00e1 avaliar se pretende manter IBS e CBS dentro do DAS ou recolh\u00ea-los pelo regime regular. Essa \u00e9 uma escolha diferente da op\u00e7\u00e3o pelo Simples Nacional.<\/p>\n\n\n\n<h2 class=\"wp-block-heading\">Qual \u00e9 o prazo para fazer a solicita\u00e7\u00e3o?<\/h2>\n\n\n\n<p>O calend\u00e1rio para as empresas em atividade ser\u00e1 o seguinte:<\/p>\n\n\n\n<ul>\n<li><strong>In\u00edcio das solicita\u00e7\u00f5es:<\/strong> 1\u00ba de setembro de 2026;<\/li>\n\n\n\n<li><strong>Encerramento:<\/strong> 30 de setembro de 2026;<\/li>\n\n\n\n<li><strong>Produ\u00e7\u00e3o dos efeitos:<\/strong> 1\u00ba de janeiro de 2027.<\/li>\n<\/ul>\n\n\n\n<p>A solicita\u00e7\u00e3o dever\u00e1 ser formalizada no Portal do Simples Nacional ou pelo e-CAC.<\/p>\n\n\n\n<p>Deixar o procedimento para os \u00faltimos dias pode aumentar o risco de perder o prazo ou n\u00e3o ter tempo suficiente para analisar as pend\u00eancias apresentadas pelo sistema.<\/p>\n\n\n\n<h2 class=\"wp-block-heading\">O que acontece se a empresa tiver pend\u00eancias?<\/h2>\n\n\n\n<p>Antes da confirma\u00e7\u00e3o do pedido, o sistema realizar\u00e1 uma an\u00e1lise pr\u00e9via da situa\u00e7\u00e3o da empresa.<\/p>\n\n\n\n<p>Se n\u00e3o forem encontradas irregularidades, o contribuinte poder\u00e1 confirmar a solicita\u00e7\u00e3o e obter o deferimento da op\u00e7\u00e3o.<\/p>\n\n\n\n<p>Quando houver pend\u00eancias, o sistema informar\u00e1 quais situa\u00e7\u00f5es podem impedir o ingresso no regime. Elas podem estar relacionadas \u00e0 Receita Federal, aos estados, ao Distrito Federal ou aos munic\u00edpios.<\/p>\n\n\n\n<p>O roteiro oficial recomenda que a empresa confirme a solicita\u00e7\u00e3o mesmo quando existirem pend\u00eancias. Isso evita a perda do prazo de op\u00e7\u00e3o, que termina em 30 de setembro.<\/p>\n\n\n\n<p>Ap\u00f3s a confirma\u00e7\u00e3o, caso o pedido n\u00e3o seja aprovado, ser\u00e1 emitido um Termo de Indeferimento para cada ente que tiver apontado irregularidades.<\/p>\n\n\n\n<p>A empresa poder\u00e1:<\/p>\n\n\n\n<ul>\n<li>Regularizar as pend\u00eancias em at\u00e9 30 dias;<\/li>\n\n\n\n<li>Apresentar contesta\u00e7\u00e3o, quando discordar do indeferimento;<\/li>\n\n\n\n<li>Acompanhar o processamento no Portal do Simples Nacional ou no e-CAC.<\/li>\n<\/ul>\n\n\n\n<p>Para que a op\u00e7\u00e3o seja aprovada, todas as pend\u00eancias indicadas precisam ser solucionadas dentro do prazo aplic\u00e1vel.<\/p>\n\n\n\n<p>Como a an\u00e1lise pr\u00e9via \u00e9 atualizada apenas uma vez por dia, uma regulariza\u00e7\u00e3o pode n\u00e3o aparecer imediatamente no sistema. Nos casos que envolvem estados e munic\u00edpios, a atualiza\u00e7\u00e3o tamb\u00e9m depende do envio das informa\u00e7\u00f5es pelo respectivo ente.<\/p>\n\n\n\n<h2 class=\"wp-block-heading\">\u00c9 poss\u00edvel cancelar a op\u00e7\u00e3o?<\/h2>\n\n\n\n<p>A solicita\u00e7\u00e3o de op\u00e7\u00e3o realizada em setembro poder\u00e1 ser cancelada at\u00e9 <strong>30 de novembro de 2026<\/strong>, independentemente de ter sido aprovada ou indeferida.<\/p>\n\n\n\n<p>Entretanto, o cancelamento ser\u00e1 irretrat\u00e1vel. Depois de cancelar, a empresa n\u00e3o poder\u00e1 apresentar um novo pedido para produzir efeitos no mesmo per\u00edodo de apura\u00e7\u00e3o, ou seja, em 2027.<\/p>\n\n\n\n<p>Por esse motivo, o cancelamento deve ser analisado com cuidado e acompanhado por uma avalia\u00e7\u00e3o tribut\u00e1ria da realidade da empresa.<\/p>\n\n\n\n<h2 class=\"wp-block-heading\">Como fica a op\u00e7\u00e3o das empresas em in\u00edcio de atividade?<\/h2>\n\n\n\n<p>As empresas novas seguem um procedimento diferente.<\/p>\n\n\n\n<p>Desde 1\u00ba de dezembro de 2025, a inten\u00e7\u00e3o de optar pelo Simples Nacional deve ser informada no momento da solicita\u00e7\u00e3o da inscri\u00e7\u00e3o no CNPJ, por meio do M\u00f3dulo Administra\u00e7\u00e3o Tribut\u00e1ria (MAT), acessado pelo acompanhamento do protocolo da Redesim.<\/p>\n\n\n\n<p>Se a op\u00e7\u00e3o realizada durante a inscri\u00e7\u00e3o for aprovada, seus efeitos come\u00e7am na pr\u00f3pria data de inscri\u00e7\u00e3o do CNPJ.<\/p>\n\n\n\n<p>Quando houver indeferimento, a empresa poder\u00e1:<\/p>\n\n\n\n<ul>\n<li>Regularizar as pend\u00eancias em at\u00e9 30 dias contados da inscri\u00e7\u00e3o no CNPJ;<\/li>\n\n\n\n<li>Contestar a decis\u00e3o em at\u00e9 20 dias \u00fateis, caso discorde do motivo apresentado.<\/li>\n<\/ul>\n\n\n\n<p>Se a empresa n\u00e3o solicitar o Simples Nacional no MAT durante a inscri\u00e7\u00e3o do CNPJ, poder\u00e1 ter de aguardar o pr\u00f3ximo per\u00edodo regular de op\u00e7\u00e3o.<\/p>\n\n\n\n<p>Existe uma situa\u00e7\u00e3o espec\u00edfica para empresas registradas em setembro de 2026. Caso o pedido n\u00e3o seja realizado no MAT durante a abertura, a empresa ainda poder\u00e1 solicitar o ingresso como empresa constitu\u00edda at\u00e9 30 de setembro.<\/p>\n\n\n\n<p>Para neg\u00f3cios abertos entre outubro e dezembro de 2026, a op\u00e7\u00e3o realizada durante a inscri\u00e7\u00e3o poder\u00e1 valer tanto para o restante de 2026 quanto para 2027, conforme as regras aplic\u00e1veis.<\/p>\n\n\n\n<h2 class=\"wp-block-heading\">A regra de setembro tamb\u00e9m vale para o MEI?<\/h2>\n\n\n\n<p>N\u00e3o. O prazo de op\u00e7\u00e3o pelo Sistema de Recolhimento em Valores Fixos Mensais dos Tributos do Simples Nacional, o SIMEI, n\u00e3o foi alterado.<\/p>\n\n\n\n<p>Quem desejar se enquadrar como Microempreendedor Individual em 2027 dever\u00e1 realizar a op\u00e7\u00e3o durante o m\u00eas de janeiro, at\u00e9 o \u00faltimo dia \u00fatil. Para 2027, o roteiro oficial indica o prazo at\u00e9 <strong>29 de janeiro<\/strong>.<\/p>\n\n\n\n<p>Todo MEI tamb\u00e9m \u00e9 optante pelo Simples Nacional. Por isso, quando ocorre a exclus\u00e3o do Simples, o desenquadramento do SIMEI acontece automaticamente.<\/p>\n\n\n\n<p>Para retornar \u00e0 condi\u00e7\u00e3o de MEI, o contribuinte dever\u00e1 atender novamente tanto aos requisitos do Simples Nacional quanto \u00e0s condi\u00e7\u00f5es espec\u00edficas do SIMEI.<\/p>\n\n\n\n<h2 class=\"wp-block-heading\">O que muda no recolhimento do IBS e da CBS?<\/h2>\n\n\n\n<p>A Reforma Tribut\u00e1ria preservou o Simples Nacional, mas permitiu que as empresas optantes escolham como recolher IBS e CBS.<\/p>\n\n\n\n<p>Existem duas possibilidades:<\/p>\n\n\n\n<ul>\n<li>Manter IBS e CBS dentro do Simples Nacional, com recolhimento pelo DAS;<\/li>\n\n\n\n<li>Permanecer no Simples Nacional para os demais tributos e recolher IBS e CBS pelo regime regular, fora do DAS.<\/li>\n<\/ul>\n\n\n\n<p>Por padr\u00e3o, as empresas optantes ter\u00e3o IBS e CBS calculados dentro do Simples Nacional e recolhidos na guia \u00fanica.<\/p>\n\n\n\n<p>Portanto, quem quiser manter os dois tributos dentro do DAS n\u00e3o precisar\u00e1 realizar uma op\u00e7\u00e3o espec\u00edfica.<\/p>\n\n\n\n<p>A manifesta\u00e7\u00e3o no portal ser\u00e1 necess\u00e1ria para a empresa que desejar recolher IBS e CBS pelo regime regular.<\/p>\n\n\n\n<h2 class=\"wp-block-heading\">Quando deve ser feita a escolha pelo regime regular?<\/h2>\n\n\n\n<p>A op\u00e7\u00e3o pelo recolhimento regular de IBS e CBS poder\u00e1 ser realizada nos meses de setembro e mar\u00e7o de cada ano.<\/p>\n\n\n\n<p>A escolha feita em setembro produzir\u00e1 efeitos no primeiro semestre do ano seguinte. J\u00e1 a op\u00e7\u00e3o realizada em mar\u00e7o valer\u00e1 a partir de julho do mesmo ano.<\/p>\n\n\n\n<p>Assim, para 2027:<\/p>\n\n\n\n<ul>\n<li>A op\u00e7\u00e3o realizada em setembro de 2026 valer\u00e1 de janeiro a junho de 2027;<\/li>\n\n\n\n<li>A op\u00e7\u00e3o realizada em mar\u00e7o de 2027 valer\u00e1 a partir de julho de 2027.<\/li>\n<\/ul>\n\n\n\n<p>A empresa tamb\u00e9m poder\u00e1 renunciar ao regime regular nos mesmos per\u00edodos.<\/p>\n\n\n\n<p>Caso fa\u00e7a a op\u00e7\u00e3o e n\u00e3o apresente ren\u00fancia posteriormente, permanecer\u00e1 recolhendo IBS e CBS pelo regime regular. N\u00e3o ser\u00e1 necess\u00e1rio renovar a escolha a cada semestre.<\/p>\n\n\n\n<h2 class=\"wp-block-heading\">Qual \u00e9 a diferen\u00e7a entre as duas op\u00e7\u00f5es realizadas em setembro?<\/h2>\n\n\n\n<p>Embora ocorram no mesmo per\u00edodo, s\u00e3o decis\u00f5es independentes:<\/p>\n\n\n\n<h3 class=\"wp-block-heading\">Op\u00e7\u00e3o pelo Simples Nacional<\/h3>\n\n\n\n<p>Destinada \u00e0s empresas que ainda n\u00e3o s\u00e3o optantes ou que foram exclu\u00eddas e desejam ingressar no regime em 2027.<\/p>\n\n\n\n<h3 class=\"wp-block-heading\">Op\u00e7\u00e3o pelo regime regular de IBS e CBS<\/h3>\n\n\n\n<p>Destinada \u00e0s empresas optantes pelo Simples que pretendem recolher esses dois tributos separadamente, fora do DAS.<\/p>\n\n\n\n<p>Uma empresa pode permanecer no Simples Nacional e, ao mesmo tempo, apurar IBS e CBS conforme o regime regular. Essa configura\u00e7\u00e3o \u00e9 chamada informalmente de modelo h\u00edbrido.<\/p>\n\n\n\n<p>Quem n\u00e3o fizer a op\u00e7\u00e3o pelo regime regular manter\u00e1 IBS e CBS dentro da guia do Simples Nacional.<\/p>\n\n\n\n<h2 class=\"wp-block-heading\">Como decidir entre IBS e CBS dentro ou fora do DAS?<\/h2>\n\n\n\n<p>A escolha n\u00e3o deve ser feita de forma autom\u00e1tica. Antes de optar pelo regime regular, \u00e9 importante analisar os efeitos para a empresa e para seus clientes.<\/p>\n\n\n\n<p>A avalia\u00e7\u00e3o pode considerar:<\/p>\n\n\n\n<ul>\n<li>Perfil dos clientes;<\/li>\n\n\n\n<li>Opera\u00e7\u00f5es realizadas;<\/li>\n\n\n\n<li>Possibilidade de apropria\u00e7\u00e3o e transfer\u00eancia de cr\u00e9ditos;<\/li>\n\n\n\n<li>Volume de compras e vendas;<\/li>\n\n\n\n<li>Margens praticadas;<\/li>\n\n\n\n<li>Impacto sobre os pre\u00e7os;<\/li>\n\n\n\n<li>Obriga\u00e7\u00f5es acess\u00f3rias;<\/li>\n\n\n\n<li>Necessidade de adapta\u00e7\u00e3o dos sistemas;<\/li>\n\n\n\n<li>Custos administrativos;<\/li>\n\n\n\n<li>Proje\u00e7\u00f5es para 2027.<\/li>\n<\/ul>\n\n\n\n<p>Empresas que atendem principalmente outras pessoas jur\u00eddicas podem enfrentar uma an\u00e1lise diferente daquelas que vendem diretamente ao consumidor final.<\/p>\n\n\n\n<p>A op\u00e7\u00e3o mais adequada depender\u00e1 das caracter\u00edsticas de cada neg\u00f3cio. Por isso, a decis\u00e3o deve ser precedida por simula\u00e7\u00f5es e orienta\u00e7\u00e3o cont\u00e1bil.<\/p>\n\n\n\n<h2 class=\"wp-block-heading\">O que os escrit\u00f3rios cont\u00e1beis devem fazer antes de setembro?<\/h2>\n\n\n\n<p>A antecipa\u00e7\u00e3o do calend\u00e1rio exige organiza\u00e7\u00e3o. Os escrit\u00f3rios podem come\u00e7ar preparando uma rela\u00e7\u00e3o de clientes que se enquadram em cada situa\u00e7\u00e3o.<\/p>\n\n\n\n<p>Entre as provid\u00eancias recomendadas est\u00e3o:<\/p>\n\n\n\n<ol>\n<li>Identificar empresas n\u00e3o optantes que pretendem ingressar no Simples Nacional;<\/li>\n\n\n\n<li>Verificar clientes exclu\u00eddos com efeitos previstos para 2027;<\/li>\n\n\n\n<li>Consultar pend\u00eancias federais, estaduais e municipais;<\/li>\n\n\n\n<li>Avaliar se o Simples continua sendo vantajoso;<\/li>\n\n\n\n<li>Projetar faturamento, despesas e opera\u00e7\u00f5es para 2027;<\/li>\n\n\n\n<li>Simular os efeitos de IBS e CBS dentro e fora do DAS;<\/li>\n\n\n\n<li>Orientar empresas em processo de abertura;<\/li>\n\n\n\n<li>Acompanhar o Domic\u00edlio Tribut\u00e1rio Eletr\u00f4nico do Simples Nacional;<\/li>\n\n\n\n<li>Registrar formalmente as decis\u00f5es tomadas pelos clientes;<\/li>\n\n\n\n<li>Evitar que as solicita\u00e7\u00f5es sejam deixadas para o \u00faltimo dia.<\/li>\n<\/ol>\n\n\n\n<p>A mudan\u00e7a n\u00e3o envolve apenas o cumprimento de um prazo. Ela exige uma an\u00e1lise tribut\u00e1ria capaz de comparar diferentes cen\u00e1rios antes do in\u00edcio do pr\u00f3ximo ano.<\/p>\n\n\n\n<h2 class=\"wp-block-heading\">Antecipa\u00e7\u00e3o exige mais planejamento<\/h2>\n\n\n\n<p>A nova data permite que as empresas iniciem 2027 com maior previsibilidade sobre seu enquadramento tribut\u00e1rio. Ao mesmo tempo, obriga gestores e profissionais cont\u00e1beis a tomarem decis\u00f5es antes do encerramento de 2026.<\/p>\n\n\n\n<p>Al\u00e9m de verificar se o Simples Nacional continua sendo adequado, as empresas precisar\u00e3o analisar a forma de recolhimento de IBS e CBS e os impactos dessa escolha sobre pre\u00e7os, cr\u00e9ditos e obriga\u00e7\u00f5es.<\/p>\n\n\n\n<p>Para os escrit\u00f3rios cont\u00e1beis, setembro ser\u00e1 um per\u00edodo de acompanhamento intenso. Organizar os dados dos clientes, identificar pend\u00eancias e realizar simula\u00e7\u00f5es com anteced\u00eancia ser\u00e1 essencial para evitar decis\u00f5es apressadas.<\/p>\n\n\n\n<p>Utilizar sistemas cont\u00e1beis atualizados tamb\u00e9m contribui para acompanhar as altera\u00e7\u00f5es da legisla\u00e7\u00e3o e manter as rotinas tribut\u00e1rias mais organizadas.<\/p>\n\n\n\n<p><strong>Conhe\u00e7a as solu\u00e7\u00f5es da e-Contab e prepare seu escrit\u00f3rio para as novas regras do Simples Nacional e da Reforma Tribut\u00e1ria.<\/strong><\/p>\n\n\n\n<hr class=\"wp-block-separator has-alpha-channel-opacity\"\/>\n\n\n\n<h3 class=\"wp-block-heading\">Fontes oficiais<\/h3>\n\n\n\n<ul>\n<li><a href=\"https:\/\/www.gov.br\/receitafederal\/pt-br\/assuntos\/noticias\/2026\/agosto\/prazo-para-solicitacao-pelo-simples-nacional-sera-em-setembro-de-2026?utm_source=chatgpt.com\">Receita Federal \u2014 Prazo para solicita\u00e7\u00e3o pelo Simples Nacional ser\u00e1 em setembro de 2026<\/a><\/li>\n\n\n\n<li><a href=\"https:\/\/www8.receita.fazenda.gov.br\/SimplesNacional\/Arquivos\/manual\/Roteiro%20da%20op%C3%A7%C3%A3o%20pelo%20Simles%20Nacional%20para%20o%20ano%20de%202027.pdf?utm_source=chatgpt.com\">Portal do Simples Nacional \u2014 Roteiro da op\u00e7\u00e3o pelo Simples Nacional para 2027<\/a><\/li>\n\n\n\n<li><a href=\"https:\/\/www.gov.br\/receitafederal\/pt-br\/assuntos\/noticias\/2026\/agosto\/cgsn-atualiza-regras-do-simples-nacional-para-adequacao-a-reforma-tributaria-do-consumo?utm_source=chatgpt.com\">Receita Federal \u2014 CGSN atualiza regras do Simples Nacional para a Reforma Tribut\u00e1ria<\/a><\/li>\n\n\n\n<li><a href=\"https:\/\/normas.receita.fazenda.gov.br\/sijut2consulta\/consulta.action?lblTiposAtosSelecionados=Res.&amp;orgaosSelecionados=CGSN&amp;tipoData=2&amp;tiposAtosSelecionados=67&amp;utm_source=chatgpt.com\">Receita Federal \u2014 Resolu\u00e7\u00e3o CGSN n\u00ba 186\/2026<\/a><\/li>\n\n\n\n<li><a href=\"https:\/\/www8.receita.fazenda.gov.br\/simplesnacional\/?utm_source=chatgpt.com\">Portal do Simples Nacional<\/a><\/li>\n<\/ul>\n","protected":false},"excerpt":{"rendered":"<p>As empresas que desejam ingressar ou retornar ao Simples Nacional em 2027 precisam ficar atentas a uma mudan\u00e7a importante no calend\u00e1rio. A solicita\u00e7\u00e3o dever\u00e1 ser &hellip; <\/p>\n","protected":false},"author":4,"featured_media":667,"comment_status":"open","ping_status":"open","sticky":false,"template":"","format":"standard","meta":{"footnotes":""},"categories":[1,29],"tags":[6,23,4],"_links":{"self":[{"href":"https:\/\/blog.e-contab.com.br\/index.php\/wp-json\/wp\/v2\/posts\/881"}],"collection":[{"href":"https:\/\/blog.e-contab.com.br\/index.php\/wp-json\/wp\/v2\/posts"}],"about":[{"href":"https:\/\/blog.e-contab.com.br\/index.php\/wp-json\/wp\/v2\/types\/post"}],"author":[{"embeddable":true,"href":"https:\/\/blog.e-contab.com.br\/index.php\/wp-json\/wp\/v2\/users\/4"}],"replies":[{"embeddable":true,"href":"https:\/\/blog.e-contab.com.br\/index.php\/wp-json\/wp\/v2\/comments?post=881"}],"version-history":[{"count":1,"href":"https:\/\/blog.e-contab.com.br\/index.php\/wp-json\/wp\/v2\/posts\/881\/revisions"}],"predecessor-version":[{"id":882,"href":"https:\/\/blog.e-contab.com.br\/index.php\/wp-json\/wp\/v2\/posts\/881\/revisions\/882"}],"wp:featuredmedia":[{"embeddable":true,"href":"https:\/\/blog.e-contab.com.br\/index.php\/wp-json\/wp\/v2\/media\/667"}],"wp:attachment":[{"href":"https:\/\/blog.e-contab.com.br\/index.php\/wp-json\/wp\/v2\/media?parent=881"}],"wp:term":[{"taxonomy":"category","embeddable":true,"href":"https:\/\/blog.e-contab.com.br\/index.php\/wp-json\/wp\/v2\/categories?post=881"},{"taxonomy":"post_tag","embeddable":true,"href":"https:\/\/blog.e-contab.com.br\/index.php\/wp-json\/wp\/v2\/tags?post=881"}],"curies":[{"name":"wp","href":"https:\/\/api.w.org\/{rel}","templated":true}]}}